{"id":67,"date":"2021-01-18T12:51:39","date_gmt":"2021-01-18T11:51:39","guid":{"rendered":"https:\/\/utsira.graffic.mitspace.dk\/?p=67"},"modified":"2021-02-24T09:50:18","modified_gmt":"2021-02-24T08:50:18","slug":"test-nyhet-rundt-utsira-nord","status":"publish","type":"post","link":"https:\/\/utsira.graffic.mitspace.dk\/en\/test-nyhet-rundt-utsira-nord\/","title":{"rendered":"Great interest in offshore wind farms"},"content":{"rendered":"<div data-elementor-type=\"wp-post\" data-elementor-id=\"67\" class=\"elementor elementor-67\" data-elementor-post-type=\"post\">\n\t\t\t\t\t\t<section class=\"elementor-section elementor-top-section elementor-element elementor-element-694c4b23 elementor-section-boxed elementor-section-height-default elementor-section-height-default\" data-id=\"694c4b23\" data-element_type=\"section\" data-e-type=\"section\">\n\t\t\t\t\t\t<div class=\"elementor-container elementor-column-gap-default\">\n\t\t\t\t\t<div class=\"elementor-column elementor-col-50 elementor-top-column elementor-element elementor-element-648834f2\" data-id=\"648834f2\" data-element_type=\"column\" data-e-type=\"column\">\n\t\t\t<div class=\"elementor-widget-wrap elementor-element-populated\">\n\t\t\t\t\t\t<div class=\"elementor-element elementor-element-6d49c2a0 elementor-widget elementor-widget-text-editor\" data-id=\"6d49c2a0\" data-element_type=\"widget\" data-e-type=\"widget\" data-widget_type=\"text-editor.default\">\n\t\t\t\t<div class=\"elementor-widget-container\">\n\t\t\t\t\t\t\t\t\t<h2 class=\"fs-xxl fw-bold mb-4 article-title ff-sueca-bold\">Great interest in offshore wind farms in the Utsira North and North Sea II areas<\/h2><p>On January 1, it became possible to apply for land to establish offshore wind farms in the Utsira Nord and Nordsj\u00f8 II areas. Several companies have said they want to start offshore wind production in these areas.<\/p><p>\u2013 There is great interest in these specific areas, and in general we see a growing interest in offshore wind in Norway, says head of the Norwegian Offshore Wind Cluster, Arvid Nesse.<\/p><p><a href=\"https:\/\/www.fiskeribladet.no\/nyheter\/stor-interesse-for-havvindmolleparker-i-omradene-utsira-nord-og-nordsjo-ii\/2-1-944147\" target=\"_blank\" rel=\"noopener\">Read the full news here<\/a><\/p>\t\t\t\t\t\t\t\t<\/div>\n\t\t\t\t<\/div>\n\t\t\t\t\t<\/div>\n\t\t<\/div>\n\t\t\t\t<div class=\"elementor-column elementor-col-50 elementor-top-column elementor-element elementor-element-fe329cb\" data-id=\"fe329cb\" data-element_type=\"column\" data-e-type=\"column\">\n\t\t\t<div class=\"elementor-widget-wrap elementor-element-populated\">\n\t\t\t\t\t\t<div class=\"elementor-element elementor-element-ce2cd0a elementor-widget elementor-widget-image\" data-id=\"ce2cd0a\" data-element_type=\"widget\" data-e-type=\"widget\" data-widget_type=\"image.default\">\n\t\t\t\t<div class=\"elementor-widget-container\">\n\t\t\t\t\t\t\t\t\t\t\t\t\t\t\t<img fetchpriority=\"high\" decoding=\"async\" width=\"640\" height=\"320\" src=\"https:\/\/utsira.graffic.mitspace.dk\/wp-content\/uploads\/2021\/01\/Arvid-Nesse.jpg\" class=\"attachment-full size-full wp-image-987\" alt=\"\" srcset=\"https:\/\/utsira.graffic.mitspace.dk\/wp-content\/uploads\/2021\/01\/Arvid-Nesse.jpg 640w, https:\/\/utsira.graffic.mitspace.dk\/wp-content\/uploads\/2021\/01\/Arvid-Nesse-300x150.jpg 300w\" sizes=\"(max-width: 640px) 100vw, 640px\" \/>\t\t\t\t\t\t\t\t\t\t\t\t\t\t\t<\/div>\n\t\t\t\t<\/div>\n\t\t\t\t\t<\/div>\n\t\t<\/div>\n\t\t\t\t\t<\/div>\n\t\t<\/section>\n\t\t\t\t<\/div>","protected":false},"excerpt":{"rendered":"<p>Stor interesse for havvindm\u00f8lleparker i omr\u00e5dene Utsira Nord og Nordsj\u00f8 II 1. januar ble det mulig \u00e5 s\u00f8ke om areal for \u00e5 etablere havvindm\u00f8lleparker i omr\u00e5dene Utsira Nord og Nordsj\u00f8 II. Flere selskaper har sagt de \u00f8nsker \u00e5 starte opp med havvindproduksjon i disse omr\u00e5dene. &#8211; Det er stor interesse for disse konkrete omr\u00e5dene, og [&hellip;]<\/p>\n","protected":false},"author":1,"featured_media":983,"comment_status":"closed","ping_status":"open","sticky":false,"template":"","format":"standard","meta":{"footnotes":""},"categories":[3],"tags":[],"class_list":["post-67","post","type-post","status-publish","format-standard","has-post-thumbnail","hentry","category-utsira-nord"],"_links":{"self":[{"href":"https:\/\/utsira.graffic.mitspace.dk\/en\/wp-json\/wp\/v2\/posts\/67","targetHints":{"allow":["GET"]}}],"collection":[{"href":"https:\/\/utsira.graffic.mitspace.dk\/en\/wp-json\/wp\/v2\/posts"}],"about":[{"href":"https:\/\/utsira.graffic.mitspace.dk\/en\/wp-json\/wp\/v2\/types\/post"}],"author":[{"embeddable":true,"href":"https:\/\/utsira.graffic.mitspace.dk\/en\/wp-json\/wp\/v2\/users\/1"}],"replies":[{"embeddable":true,"href":"https:\/\/utsira.graffic.mitspace.dk\/en\/wp-json\/wp\/v2\/comments?post=67"}],"version-history":[{"count":25,"href":"https:\/\/utsira.graffic.mitspace.dk\/en\/wp-json\/wp\/v2\/posts\/67\/revisions"}],"predecessor-version":[{"id":994,"href":"https:\/\/utsira.graffic.mitspace.dk\/en\/wp-json\/wp\/v2\/posts\/67\/revisions\/994"}],"wp:featuredmedia":[{"embeddable":true,"href":"https:\/\/utsira.graffic.mitspace.dk\/en\/wp-json\/wp\/v2\/media\/983"}],"wp:attachment":[{"href":"https:\/\/utsira.graffic.mitspace.dk\/en\/wp-json\/wp\/v2\/media?parent=67"}],"wp:term":[{"taxonomy":"category","embeddable":true,"href":"https:\/\/utsira.graffic.mitspace.dk\/en\/wp-json\/wp\/v2\/categories?post=67"},{"taxonomy":"post_tag","embeddable":true,"href":"https:\/\/utsira.graffic.mitspace.dk\/en\/wp-json\/wp\/v2\/tags?post=67"}],"curies":[{"name":"wp","href":"https:\/\/api.w.org\/{rel}","templated":true}]}}