{"id":2802,"date":"2021-06-04T07:54:12","date_gmt":"2021-06-04T05:54:12","guid":{"rendered":"https:\/\/utsira.graffic.mitspace.dk\/?p=2802"},"modified":"2021-06-04T07:54:12","modified_gmt":"2021-06-04T05:54:12","slug":"arendals-fossekompani-og-ferd-starter-havvindselskap","status":"publish","type":"post","link":"https:\/\/utsira.graffic.mitspace.dk\/en\/arendals-fossekompani-og-ferd-starter-havvindselskap\/","title":{"rendered":"Arendals Fossekompani\/Ferd start offshore wind company"},"content":{"rendered":"<p><strong>The company will be called Seagust and will focus on Norway first. But the owners also plan to take on the international wind competition.<\/strong><\/p>\n<p class=\"css-2xzlnn\">Ferd and Arendals Fossekompani join forces and start a new offshore wind company called \u00abSeagust\u00bb.<\/p>\n<p class=\"css-2xzlnn\">It will apply for a license for offshore wind projects in Norway, after the authorities last year opened up for such activities in the areas Utsira North and Southern North Sea II.<\/p>\n<p><a href=\"https:\/\/e24.no\/det-groenne-skiftet\/i\/WOwMdk\/arendals-fossekompani-og-ferd-starter-havvindselskap\">Read the whole news<\/a><\/p>","protected":false},"excerpt":{"rendered":"<p>Selskapet skal hete Seagust og satser p\u00e5 Norge f\u00f8rst. Men eierne planlegger ogs\u00e5 \u00e5 innta den internasjonale vindkonkurransen. Ferd og Arendals Fossekompani g\u00e5r sammen og starter et nytt havvindselskap som skal hete \u00abSeagust\u00bb. Det vil s\u00f8ke om konsesjon for havvindprosjekter i Norge, etter at myndighetene i fjor \u00e5pnet opp for slik virksomhet i omr\u00e5dene Utsira [&hellip;]<\/p>\n","protected":false},"author":1,"featured_media":2803,"comment_status":"closed","ping_status":"open","sticky":false,"template":"","format":"standard","meta":{"footnotes":""},"categories":[3],"tags":[],"class_list":["post-2802","post","type-post","status-publish","format-standard","has-post-thumbnail","hentry","category-utsira-nord"],"_links":{"self":[{"href":"https:\/\/utsira.graffic.mitspace.dk\/en\/wp-json\/wp\/v2\/posts\/2802","targetHints":{"allow":["GET"]}}],"collection":[{"href":"https:\/\/utsira.graffic.mitspace.dk\/en\/wp-json\/wp\/v2\/posts"}],"about":[{"href":"https:\/\/utsira.graffic.mitspace.dk\/en\/wp-json\/wp\/v2\/types\/post"}],"author":[{"embeddable":true,"href":"https:\/\/utsira.graffic.mitspace.dk\/en\/wp-json\/wp\/v2\/users\/1"}],"replies":[{"embeddable":true,"href":"https:\/\/utsira.graffic.mitspace.dk\/en\/wp-json\/wp\/v2\/comments?post=2802"}],"version-history":[{"count":1,"href":"https:\/\/utsira.graffic.mitspace.dk\/en\/wp-json\/wp\/v2\/posts\/2802\/revisions"}],"predecessor-version":[{"id":2804,"href":"https:\/\/utsira.graffic.mitspace.dk\/en\/wp-json\/wp\/v2\/posts\/2802\/revisions\/2804"}],"wp:featuredmedia":[{"embeddable":true,"href":"https:\/\/utsira.graffic.mitspace.dk\/en\/wp-json\/wp\/v2\/media\/2803"}],"wp:attachment":[{"href":"https:\/\/utsira.graffic.mitspace.dk\/en\/wp-json\/wp\/v2\/media?parent=2802"}],"wp:term":[{"taxonomy":"category","embeddable":true,"href":"https:\/\/utsira.graffic.mitspace.dk\/en\/wp-json\/wp\/v2\/categories?post=2802"},{"taxonomy":"post_tag","embeddable":true,"href":"https:\/\/utsira.graffic.mitspace.dk\/en\/wp-json\/wp\/v2\/tags?post=2802"}],"curies":[{"name":"wp","href":"https:\/\/api.w.org\/{rel}","templated":true}]}}